{"id":5207,"date":"2025-09-15T18:21:18","date_gmt":"2025-09-16T01:21:18","guid":{"rendered":"https:\/\/conference.aglow.org\/seances-de-priere-de-la-conference\/"},"modified":"2025-09-15T18:34:06","modified_gmt":"2025-09-16T01:34:06","slug":"seances-de-priere-de-la-conference","status":"publish","type":"post","link":"https:\/\/conference.aglow.org\/fr\/seances-de-priere-de-la-conference\/","title":{"rendered":"S\u00e9ances de pri\u00e8re de la conf\u00e9rence"},"content":{"rendered":"\n<p>Ch\u00e8re famille Aglow,<\/p>\n\n<p>Si nous \u00e9tions r\u00e9unis dans un lieu Aglow pour une conf\u00e9rence internationale, nous aurions g\u00e9n\u00e9ralement une salle de pri\u00e8re r\u00e9serv\u00e9e \u00e0 la pri\u00e8re. Un lieu o\u00f9 nous pourrions entrer, comme un lieu secret, pour nous rapprocher de Lui. \u00c0 la place, \u00e0 l&#8217;approche de notre conf\u00e9rence virtuelle, nous avons souhait\u00e9 cr\u00e9er un espace de pri\u00e8re virtuel pour Sa Pr\u00e9sence, entre les sessions.  <\/p>\n\n<p>Vous trouverez ci-dessous le lien Zoom pour le blitz de pri\u00e8re avant chaque session.<\/p>\n\n<p><strong> Le Zoom restera ouvert pendant toute la dur\u00e9e de la conf\u00e9rence et servira \u00e9galement de salle de<\/strong> <strong>pri\u00e8re virtuelle.<\/strong> Vous pourrez le consulter aussi souvent que vous le souhaitez pendant la conf\u00e9rence. Nous serons r\u00e9unis en tant qu&#8217;Aglow du monde entier ! Quel moment fort pour se retrouver avec notre famille Aglow !   <\/p>\n\n<p>Si vous regardez seul, vous pouvez vous reconnecter \u00e0 Zoom apr\u00e8s les sessions et \u00eatre instantan\u00e9ment connect\u00e9 avec vos fr\u00e8res et s\u0153urs du monde entier, qui prient \u00e9galement. Si vous pr\u00e9f\u00e9rez ne pas \u00eatre vu sur Zoom, veuillez d\u00e9sactiver votre cam\u00e9ra et votre micro lorsque vous vous connectez. <\/p>\n\n<p>Alors que nous nous pr\u00e9parons \u00e0 nous rassembler en tant que Son arm\u00e9e de la fin des temps pour cette conf\u00e9rence de l\u2019Aube vers le Destin, qu\u2019il y ait v\u00e9ritablement un R\u00e9veil Mondial \u2013 Faire Avancer le Royaume !<\/p>\n\n<p> <strong>L&#8217;appel \u00e0 la pri\u00e8re est <a href=\"https:\/\/eml-pusa01.app.blackbaud.net\/intv2\/j\/AAED113C-613C-4C0E-8316-8D56819D0299\/r\/AAED113C-613C-4C0E-8316-8D56819D0299_5434245a-cf73-4251-bf5b-09c5b9734b90\/l\/D9C42BA5-7D75-4A9D-B649-5D9DB4FA4CEE\/c\" target=\"_blank\" rel=\"noreferrer noopener\">GRATUIT<\/a><\/strong><\/p>\n\n<ul class=\"wp-block-list\">\n<li>Pour rejoindre la <strong>pri\u00e8re, lien Zoom <\/strong>:<ul><li>Connexion : <a href=\"https:\/\/eml-pusa01.app.blackbaud.net\/intv2\/j\/AAED113C-613C-4C0E-8316-8D56819D0299\/r\/AAED113C-613C-4C0E-8316-8D56819D0299_5434245a-cf73-4251-bf5b-09c5b9734b90\/l\/4307997E-3E13-4414-A4BD-CC033FA424CA\/c\" target=\"_blank\" rel=\"noreferrer noopener\">https:\/\/zoom.us\/join<\/a><\/li><\/ul><ul><li>ID de la r\u00e9union : 826 1079 6213<\/li><\/ul>\n<ul class=\"wp-block-list\">\n<li>Code d&#8217;acc\u00e8s : 734881<\/li>\n<\/ul>\n<\/li>\n\n\n\n<li><strong>Horaires des r\u00e9unions de pri\u00e8re <\/strong>(fuseau horaire du Pacifique) : <em>30 minutes avant le d\u00e9but de chaque s\u00e9ance de conf\u00e9rence.<\/em><\/li>\n\n\n\n<li>Vous devrez convertir les heures en fonction de votre fuseau horaire sp\u00e9cifique.<\/li>\n\n\n\n<li><strong><a href=\"https:\/\/eml-pusa01.app.blackbaud.net\/intv2\/j\/AAED113C-613C-4C0E-8316-8D56819D0299\/r\/AAED113C-613C-4C0E-8316-8D56819D0299_5434245a-cf73-4251-bf5b-09c5b9734b90\/l\/24DDDBC0-CEBD-4F4C-8FB4-DB0E49C685FE\/c\" target=\"_blank\" rel=\"noreferrer noopener\">Convertisseur de fuseau horaire<\/a><\/strong><\/li>\n\n\n\n<li><strong><a href=\"https:\/\/eml-pusa01.app.blackbaud.net\/intv2\/j\/AAED113C-613C-4C0E-8316-8D56819D0299\/r\/AAED113C-613C-4C0E-8316-8D56819D0299_5434245a-cf73-4251-bf5b-09c5b9734b90\/l\/43E48288-5A2E-4CC0-A7F2-3202F253526B\/c\" target=\"_blank\" rel=\"noreferrer noopener\"><strong>Voir le calendrier<\/strong><\/a><\/strong><\/li>\n<\/ul>\n<div class=\"wp-block-image\">\n<figure class=\"aligncenter size-large is-resized\"><img loading=\"lazy\" decoding=\"async\" width=\"679\" height=\"1024\" src=\"https:\/\/conference.aglow.org\/wp-content\/uploads\/2025\/09\/Helen-Joy-Dupuree-679x1024.jpg\" alt=\"Helen Joy Dupurree&#10;Directeur de pri&#xE8;re international d'Aglow&#10;\" class=\"wp-image-5199\" style=\"width:225px;height:auto\" srcset=\"https:\/\/conference.aglow.org\/wp-content\/uploads\/2025\/09\/Helen-Joy-Dupuree-679x1024.jpg 679w, https:\/\/conference.aglow.org\/wp-content\/uploads\/2025\/09\/Helen-Joy-Dupuree-199x300.jpg 199w, https:\/\/conference.aglow.org\/wp-content\/uploads\/2025\/09\/Helen-Joy-Dupuree-768x1159.jpg 768w, https:\/\/conference.aglow.org\/wp-content\/uploads\/2025\/09\/Helen-Joy-Dupuree-1018x1536.jpg 1018w, https:\/\/conference.aglow.org\/wp-content\/uploads\/2025\/09\/Helen-Joy-Dupuree-1357x2048.jpg 1357w, https:\/\/conference.aglow.org\/wp-content\/uploads\/2025\/09\/Helen-Joy-Dupuree-scaled.jpg 1697w\" sizes=\"auto, (max-width: 679px) 100vw, 679px\" \/><figcaption class=\"wp-element-caption\">Helen Joy Dupurree\nDirecteur de pri\u00e8re international d&#8217;Aglow\n<\/figcaption><\/figure>\n<\/div>","protected":false},"excerpt":{"rendered":"<p>Si nous \u00e9tions ensemble dans un lieu Aglow pour une conf\u00e9rence internationale, nous aurions g\u00e9n\u00e9ralement une salle de pri\u00e8re r\u00e9serv\u00e9e \u00e0 la pri\u00e8re.<\/p>\n","protected":false},"author":1417,"featured_media":5196,"comment_status":"open","ping_status":"open","sticky":false,"template":"","format":"standard","meta":{"om_disable_all_campaigns":false,"_monsterinsights_skip_tracking":false,"_monsterinsights_sitenote_active":false,"_monsterinsights_sitenote_note":"","_monsterinsights_sitenote_category":0,"_uf_show_specific_survey":0,"_uf_disable_surveys":false,"footnotes":""},"categories":[14],"tags":[],"class_list":["post-5207","post","type-post","status-publish","format-standard","has-post-thumbnail","hentry","category-non-classifiee"],"_links":{"self":[{"href":"https:\/\/conference.aglow.org\/fr\/wp-json\/wp\/v2\/posts\/5207","targetHints":{"allow":["GET"]}}],"collection":[{"href":"https:\/\/conference.aglow.org\/fr\/wp-json\/wp\/v2\/posts"}],"about":[{"href":"https:\/\/conference.aglow.org\/fr\/wp-json\/wp\/v2\/types\/post"}],"author":[{"embeddable":true,"href":"https:\/\/conference.aglow.org\/fr\/wp-json\/wp\/v2\/users\/1417"}],"replies":[{"embeddable":true,"href":"https:\/\/conference.aglow.org\/fr\/wp-json\/wp\/v2\/comments?post=5207"}],"version-history":[{"count":2,"href":"https:\/\/conference.aglow.org\/fr\/wp-json\/wp\/v2\/posts\/5207\/revisions"}],"predecessor-version":[{"id":5209,"href":"https:\/\/conference.aglow.org\/fr\/wp-json\/wp\/v2\/posts\/5207\/revisions\/5209"}],"wp:featuredmedia":[{"embeddable":true,"href":"https:\/\/conference.aglow.org\/fr\/wp-json\/wp\/v2\/media\/5196"}],"wp:attachment":[{"href":"https:\/\/conference.aglow.org\/fr\/wp-json\/wp\/v2\/media?parent=5207"}],"wp:term":[{"taxonomy":"category","embeddable":true,"href":"https:\/\/conference.aglow.org\/fr\/wp-json\/wp\/v2\/categories?post=5207"},{"taxonomy":"post_tag","embeddable":true,"href":"https:\/\/conference.aglow.org\/fr\/wp-json\/wp\/v2\/tags?post=5207"}],"curies":[{"name":"wp","href":"https:\/\/api.w.org\/{rel}","templated":true}]}}